{"id":15185,"date":"2025-12-12T16:31:50","date_gmt":"2025-12-12T16:31:50","guid":{"rendered":"https:\/\/www.radiovision.com.mx\/?p=15185"},"modified":"2025-12-12T16:32:06","modified_gmt":"2025-12-12T16:32:06","slug":"invita-sheinbaum-al-papa-leon-xiv-a-visitar-mexico-en-el-dia-de-la-virgen-de-guadalupe","status":"publish","type":"post","link":"https:\/\/www.radiovision.com.mx\/?p=15185","title":{"rendered":"Invita Sheinbaum al Papa Le\u00f3n XIV a visitar M\u00e9xico en el D\u00eda de la Virgen de Guadalupe"},"content":{"rendered":"\n<p>Este 12 de diciembre, en el marco del D\u00eda de la Virgen de Guadalupe, la presidenta Claudia Sheinbaum revel\u00f3 que sostuvo una conversaci\u00f3n telef\u00f3nica con el papa Le\u00f3n XIV, a quien invit\u00f3 formalmente a visitar M\u00e9xico pr\u00f3ximamente.<\/p>\n\n\n\n<p>Aunque este viernes no se realiz\u00f3 la tradicional conferencia ma\u00f1anera, la mandataria utiliz\u00f3 sus redes sociales para informar sobre el di\u00e1logo con el sumo pont\u00edfice. \u201cEn esta fecha tan especial para el pueblo de M\u00e9xico, convers\u00e9 por llamada telef\u00f3nica con su santidad el papa Le\u00f3n XIV para invitarlo a visitar nuestro pa\u00eds\u201d, escribi\u00f3. Agreg\u00f3 que el l\u00edder de la Iglesia Cat\u00f3lica envi\u00f3 \u201csaludos y bendiciones para todas y todos\u201d, y ambos coincidieron en que la Virgen de Guadalupe es un s\u00edmbolo de identidad y paz para la naci\u00f3n.<\/p>\n\n\n\n<p>Hasta ahora no se ha dado a conocer si el Papa aceptar\u00e1 la invitaci\u00f3n; sin embargo, Sheinbaum ha reiterado su deseo de recibirlo en M\u00e9xico desde que Le\u00f3n XIV fue elegido. En mayo, la presidenta lo felicit\u00f3 por su nombramiento y expres\u00f3 su intenci\u00f3n de invitarlo a visitar el pa\u00eds. En aquella ocasi\u00f3n, destac\u00f3 el enfoque social del pont\u00edfice: \u201cEs un l\u00edder que tiene una orientaci\u00f3n por los pobres, y eso es muy bueno porque estar\u00e1 atento a las necesidades de quien menos tiene, as\u00ed como a la construcci\u00f3n de paz y prosperidad\u201d.<\/p>\n\n\n\n<p>Posteriormente, la mandataria inform\u00f3 que la secretaria de Gobernaci\u00f3n, Rosa Icela Rodr\u00edguez, asistir\u00eda a la misa de inicio del pontificado del Papa para entregarle personalmente una carta con la invitaci\u00f3n oficial.<\/p>\n\n\n\n<p>Semanas m\u00e1s tarde, Le\u00f3n XIV manifest\u00f3 entusiasmo ante la posibilidad de viajar a M\u00e9xico y visitar la Bas\u00edlica de Guadalupe como parte de una futura gira por Am\u00e9rica Latina que contempla tambi\u00e9n a Uruguay, Argentina y Per\u00fa. \u201cYo encantado de viajar\u201d, declar\u00f3, aunque aclar\u00f3 que este a\u00f1o, debido al Jubileo, su agenda est\u00e1 llena y ser\u00e1 en 2026 cuando se programen los recorridos internacionales.<\/p>\n\n\n\n<p>Hasta el momento, no hay viajes confirmados tras su reciente visita a Turqu\u00eda y L\u00edbano, pero la expectativa en M\u00e9xico se mantiene ante una eventual respuesta del pont\u00edfice.<\/p>\n","protected":false},"excerpt":{"rendered":"<p>Este 12 de diciembre, en el marco del D\u00eda de la Virgen de Guadalupe, la presidenta Claudia Sheinbaum revel\u00f3 que<\/p>\n","protected":false},"author":1,"featured_media":15186,"comment_status":"closed","ping_status":"closed","sticky":false,"template":"","format":"standard","meta":{"colormag_page_container_layout":"default_layout","colormag_page_sidebar_layout":"default_layout","_eb_attr":"","_jetpack_memberships_contains_paid_content":false,"footnotes":"","jetpack_publicize_message":"","jetpack_publicize_feature_enabled":true,"jetpack_social_post_already_shared":false,"jetpack_social_options":{"image_generator_settings":{"template":"highway","enabled":false},"version":2}},"categories":[29],"tags":[1320],"class_list":["post-15185","post","type-post","status-publish","format-standard","has-post-thumbnail","hentry","category-nacional","tag-papa"],"yoast_head":"<!-- This site is optimized with the Yoast SEO plugin v27.4 - https:\/\/yoast.com\/product\/yoast-seo-wordpress\/ -->\n<title>Invita Sheinbaum al Papa Le\u00f3n XIV a visitar M\u00e9xico en el D\u00eda de la Virgen de Guadalupe<\/title>\n<meta name=\"robots\" content=\"index, follow, max-snippet:-1, max-image-preview:large, max-video-preview:-1\" \/>\n<link rel=\"canonical\" href=\"https:\/\/www.radiovision.com.mx\/?p=15185\" \/>\n<meta property=\"og:locale\" content=\"es_ES\" \/>\n<meta property=\"og:type\" content=\"article\" \/>\n<meta property=\"og:title\" content=\"Invita Sheinbaum al Papa Le\u00f3n XIV a visitar M\u00e9xico en el D\u00eda de la Virgen de Guadalupe\" \/>\n<meta property=\"og:description\" content=\"Este 12 de diciembre, en el marco del D\u00eda de la Virgen de Guadalupe, la presidenta Claudia Sheinbaum revel\u00f3 que\" \/>\n<meta property=\"og:url\" content=\"https:\/\/www.radiovision.com.mx\/?p=15185\" \/>\n<meta property=\"og:site_name\" content=\"Grupo Radiovisi&oacute;n\" \/>\n<meta property=\"article:published_time\" content=\"2025-12-12T16:31:50+00:00\" \/>\n<meta property=\"article:modified_time\" content=\"2025-12-12T16:32:06+00:00\" \/>\n<meta property=\"og:image\" content=\"https:\/\/www.radiovision.com.mx\/wp-content\/uploads\/2025\/12\/images-3.jpg\" \/>\n\t<meta property=\"og:image:width\" content=\"309\" \/>\n\t<meta property=\"og:image:height\" content=\"163\" \/>\n\t<meta property=\"og:image:type\" content=\"image\/jpeg\" \/>\n<meta name=\"author\" content=\"admin\" \/>\n<meta name=\"twitter:card\" content=\"summary_large_image\" \/>\n<meta name=\"twitter:label1\" content=\"Escrito por\" \/>\n\t<meta name=\"twitter:data1\" content=\"admin\" \/>\n\t<meta name=\"twitter:label2\" content=\"Tiempo de lectura\" \/>\n\t<meta name=\"twitter:data2\" content=\"2 minutos\" \/>\n<script type=\"application\/ld+json\" class=\"yoast-schema-graph\">{\"@context\":\"https:\\\/\\\/schema.org\",\"@graph\":[{\"@type\":\"Article\",\"@id\":\"https:\\\/\\\/www.radiovision.com.mx\\\/?p=15185#article\",\"isPartOf\":{\"@id\":\"https:\\\/\\\/www.radiovision.com.mx\\\/?p=15185\"},\"author\":{\"name\":\"admin\",\"@id\":\"https:\\\/\\\/www.radiovision.com.mx\\\/#\\\/schema\\\/person\\\/32174eabd48c140544507080dc3ed887\"},\"headline\":\"Invita Sheinbaum al Papa Le\u00f3n XIV a visitar M\u00e9xico en el D\u00eda de la Virgen de Guadalupe\",\"datePublished\":\"2025-12-12T16:31:50+00:00\",\"dateModified\":\"2025-12-12T16:32:06+00:00\",\"mainEntityOfPage\":{\"@id\":\"https:\\\/\\\/www.radiovision.com.mx\\\/?p=15185\"},\"wordCount\":401,\"publisher\":{\"@id\":\"https:\\\/\\\/www.radiovision.com.mx\\\/#organization\"},\"image\":{\"@id\":\"https:\\\/\\\/www.radiovision.com.mx\\\/?p=15185#primaryimage\"},\"thumbnailUrl\":\"https:\\\/\\\/i0.wp.com\\\/www.radiovision.com.mx\\\/wp-content\\\/uploads\\\/2025\\\/12\\\/images-3.jpg?fit=309%2C163&ssl=1\",\"keywords\":[\"papa\"],\"articleSection\":[\"NACIONAL\"],\"inLanguage\":\"es\"},{\"@type\":\"WebPage\",\"@id\":\"https:\\\/\\\/www.radiovision.com.mx\\\/?p=15185\",\"url\":\"https:\\\/\\\/www.radiovision.com.mx\\\/?p=15185\",\"name\":\"Invita Sheinbaum al Papa Le\u00f3n XIV a visitar M\u00e9xico en el D\u00eda de la Virgen de Guadalupe\",\"isPartOf\":{\"@id\":\"https:\\\/\\\/www.radiovision.com.mx\\\/#website\"},\"primaryImageOfPage\":{\"@id\":\"https:\\\/\\\/www.radiovision.com.mx\\\/?p=15185#primaryimage\"},\"image\":{\"@id\":\"https:\\\/\\\/www.radiovision.com.mx\\\/?p=15185#primaryimage\"},\"thumbnailUrl\":\"https:\\\/\\\/i0.wp.com\\\/www.radiovision.com.mx\\\/wp-content\\\/uploads\\\/2025\\\/12\\\/images-3.jpg?fit=309%2C163&ssl=1\",\"datePublished\":\"2025-12-12T16:31:50+00:00\",\"dateModified\":\"2025-12-12T16:32:06+00:00\",\"breadcrumb\":{\"@id\":\"https:\\\/\\\/www.radiovision.com.mx\\\/?p=15185#breadcrumb\"},\"inLanguage\":\"es\",\"potentialAction\":[{\"@type\":\"ReadAction\",\"target\":[\"https:\\\/\\\/www.radiovision.com.mx\\\/?p=15185\"]}]},{\"@type\":\"ImageObject\",\"inLanguage\":\"es\",\"@id\":\"https:\\\/\\\/www.radiovision.com.mx\\\/?p=15185#primaryimage\",\"url\":\"https:\\\/\\\/i0.wp.com\\\/www.radiovision.com.mx\\\/wp-content\\\/uploads\\\/2025\\\/12\\\/images-3.jpg?fit=309%2C163&ssl=1\",\"contentUrl\":\"https:\\\/\\\/i0.wp.com\\\/www.radiovision.com.mx\\\/wp-content\\\/uploads\\\/2025\\\/12\\\/images-3.jpg?fit=309%2C163&ssl=1\",\"width\":309,\"height\":163},{\"@type\":\"BreadcrumbList\",\"@id\":\"https:\\\/\\\/www.radiovision.com.mx\\\/?p=15185#breadcrumb\",\"itemListElement\":[{\"@type\":\"ListItem\",\"position\":1,\"name\":\"Home\",\"item\":\"https:\\\/\\\/www.radiovision.com.mx\\\/\"},{\"@type\":\"ListItem\",\"position\":2,\"name\":\"Invita Sheinbaum al Papa Le\u00f3n XIV a visitar M\u00e9xico en el D\u00eda de la Virgen de Guadalupe\"}]},{\"@type\":\"WebSite\",\"@id\":\"https:\\\/\\\/www.radiovision.com.mx\\\/#website\",\"url\":\"https:\\\/\\\/www.radiovision.com.mx\\\/\",\"name\":\"Grupo Radiovisi&oacute;n\",\"description\":\"Siempre Contigo\",\"publisher\":{\"@id\":\"https:\\\/\\\/www.radiovision.com.mx\\\/#organization\"},\"potentialAction\":[{\"@type\":\"SearchAction\",\"target\":{\"@type\":\"EntryPoint\",\"urlTemplate\":\"https:\\\/\\\/www.radiovision.com.mx\\\/?s={search_term_string}\"},\"query-input\":{\"@type\":\"PropertyValueSpecification\",\"valueRequired\":true,\"valueName\":\"search_term_string\"}}],\"inLanguage\":\"es\"},{\"@type\":\"Organization\",\"@id\":\"https:\\\/\\\/www.radiovision.com.mx\\\/#organization\",\"name\":\"Grupo Radiovisi&oacute;n\",\"url\":\"https:\\\/\\\/www.radiovision.com.mx\\\/\",\"logo\":{\"@type\":\"ImageObject\",\"inLanguage\":\"es\",\"@id\":\"https:\\\/\\\/www.radiovision.com.mx\\\/#\\\/schema\\\/logo\\\/image\\\/\",\"url\":\"https:\\\/\\\/i0.wp.com\\\/www.radiovision.com.mx\\\/wp-content\\\/uploads\\\/2023\\\/07\\\/cropped-logorv_horizontal.png?fit=1039%2C336&ssl=1\",\"contentUrl\":\"https:\\\/\\\/i0.wp.com\\\/www.radiovision.com.mx\\\/wp-content\\\/uploads\\\/2023\\\/07\\\/cropped-logorv_horizontal.png?fit=1039%2C336&ssl=1\",\"width\":1039,\"height\":336,\"caption\":\"Grupo Radiovisi&oacute;n\"},\"image\":{\"@id\":\"https:\\\/\\\/www.radiovision.com.mx\\\/#\\\/schema\\\/logo\\\/image\\\/\"}},{\"@type\":\"Person\",\"@id\":\"https:\\\/\\\/www.radiovision.com.mx\\\/#\\\/schema\\\/person\\\/32174eabd48c140544507080dc3ed887\",\"name\":\"admin\",\"image\":{\"@type\":\"ImageObject\",\"inLanguage\":\"es\",\"@id\":\"https:\\\/\\\/secure.gravatar.com\\\/avatar\\\/a2bbd96ba0878c75623b89b17e16a709391115d7f3111d87b9d9608e3a85e344?s=96&d=mm&r=g\",\"url\":\"https:\\\/\\\/secure.gravatar.com\\\/avatar\\\/a2bbd96ba0878c75623b89b17e16a709391115d7f3111d87b9d9608e3a85e344?s=96&d=mm&r=g\",\"contentUrl\":\"https:\\\/\\\/secure.gravatar.com\\\/avatar\\\/a2bbd96ba0878c75623b89b17e16a709391115d7f3111d87b9d9608e3a85e344?s=96&d=mm&r=g\",\"caption\":\"admin\"},\"sameAs\":[\"https:\\\/\\\/www.radiovision.com.mx\"],\"url\":\"https:\\\/\\\/www.radiovision.com.mx\\\/?author=1\"}]}<\/script>\n<!-- \/ Yoast SEO plugin. -->","yoast_head_json":{"title":"Invita Sheinbaum al Papa Le\u00f3n XIV a visitar M\u00e9xico en el D\u00eda de la Virgen de Guadalupe","robots":{"index":"index","follow":"follow","max-snippet":"max-snippet:-1","max-image-preview":"max-image-preview:large","max-video-preview":"max-video-preview:-1"},"canonical":"https:\/\/www.radiovision.com.mx\/?p=15185","og_locale":"es_ES","og_type":"article","og_title":"Invita Sheinbaum al Papa Le\u00f3n XIV a visitar M\u00e9xico en el D\u00eda de la Virgen de Guadalupe","og_description":"Este 12 de diciembre, en el marco del D\u00eda de la Virgen de Guadalupe, la presidenta Claudia Sheinbaum revel\u00f3 que","og_url":"https:\/\/www.radiovision.com.mx\/?p=15185","og_site_name":"Grupo Radiovisi&oacute;n","article_published_time":"2025-12-12T16:31:50+00:00","article_modified_time":"2025-12-12T16:32:06+00:00","og_image":[{"width":309,"height":163,"url":"https:\/\/www.radiovision.com.mx\/wp-content\/uploads\/2025\/12\/images-3.jpg","type":"image\/jpeg"}],"author":"admin","twitter_card":"summary_large_image","twitter_misc":{"Escrito por":"admin","Tiempo de lectura":"2 minutos"},"schema":{"@context":"https:\/\/schema.org","@graph":[{"@type":"Article","@id":"https:\/\/www.radiovision.com.mx\/?p=15185#article","isPartOf":{"@id":"https:\/\/www.radiovision.com.mx\/?p=15185"},"author":{"name":"admin","@id":"https:\/\/www.radiovision.com.mx\/#\/schema\/person\/32174eabd48c140544507080dc3ed887"},"headline":"Invita Sheinbaum al Papa Le\u00f3n XIV a visitar M\u00e9xico en el D\u00eda de la Virgen de Guadalupe","datePublished":"2025-12-12T16:31:50+00:00","dateModified":"2025-12-12T16:32:06+00:00","mainEntityOfPage":{"@id":"https:\/\/www.radiovision.com.mx\/?p=15185"},"wordCount":401,"publisher":{"@id":"https:\/\/www.radiovision.com.mx\/#organization"},"image":{"@id":"https:\/\/www.radiovision.com.mx\/?p=15185#primaryimage"},"thumbnailUrl":"https:\/\/i0.wp.com\/www.radiovision.com.mx\/wp-content\/uploads\/2025\/12\/images-3.jpg?fit=309%2C163&ssl=1","keywords":["papa"],"articleSection":["NACIONAL"],"inLanguage":"es"},{"@type":"WebPage","@id":"https:\/\/www.radiovision.com.mx\/?p=15185","url":"https:\/\/www.radiovision.com.mx\/?p=15185","name":"Invita Sheinbaum al Papa Le\u00f3n XIV a visitar M\u00e9xico en el D\u00eda de la Virgen de Guadalupe","isPartOf":{"@id":"https:\/\/www.radiovision.com.mx\/#website"},"primaryImageOfPage":{"@id":"https:\/\/www.radiovision.com.mx\/?p=15185#primaryimage"},"image":{"@id":"https:\/\/www.radiovision.com.mx\/?p=15185#primaryimage"},"thumbnailUrl":"https:\/\/i0.wp.com\/www.radiovision.com.mx\/wp-content\/uploads\/2025\/12\/images-3.jpg?fit=309%2C163&ssl=1","datePublished":"2025-12-12T16:31:50+00:00","dateModified":"2025-12-12T16:32:06+00:00","breadcrumb":{"@id":"https:\/\/www.radiovision.com.mx\/?p=15185#breadcrumb"},"inLanguage":"es","potentialAction":[{"@type":"ReadAction","target":["https:\/\/www.radiovision.com.mx\/?p=15185"]}]},{"@type":"ImageObject","inLanguage":"es","@id":"https:\/\/www.radiovision.com.mx\/?p=15185#primaryimage","url":"https:\/\/i0.wp.com\/www.radiovision.com.mx\/wp-content\/uploads\/2025\/12\/images-3.jpg?fit=309%2C163&ssl=1","contentUrl":"https:\/\/i0.wp.com\/www.radiovision.com.mx\/wp-content\/uploads\/2025\/12\/images-3.jpg?fit=309%2C163&ssl=1","width":309,"height":163},{"@type":"BreadcrumbList","@id":"https:\/\/www.radiovision.com.mx\/?p=15185#breadcrumb","itemListElement":[{"@type":"ListItem","position":1,"name":"Home","item":"https:\/\/www.radiovision.com.mx\/"},{"@type":"ListItem","position":2,"name":"Invita Sheinbaum al Papa Le\u00f3n XIV a visitar M\u00e9xico en el D\u00eda de la Virgen de Guadalupe"}]},{"@type":"WebSite","@id":"https:\/\/www.radiovision.com.mx\/#website","url":"https:\/\/www.radiovision.com.mx\/","name":"Grupo Radiovisi&oacute;n","description":"Siempre Contigo","publisher":{"@id":"https:\/\/www.radiovision.com.mx\/#organization"},"potentialAction":[{"@type":"SearchAction","target":{"@type":"EntryPoint","urlTemplate":"https:\/\/www.radiovision.com.mx\/?s={search_term_string}"},"query-input":{"@type":"PropertyValueSpecification","valueRequired":true,"valueName":"search_term_string"}}],"inLanguage":"es"},{"@type":"Organization","@id":"https:\/\/www.radiovision.com.mx\/#organization","name":"Grupo Radiovisi&oacute;n","url":"https:\/\/www.radiovision.com.mx\/","logo":{"@type":"ImageObject","inLanguage":"es","@id":"https:\/\/www.radiovision.com.mx\/#\/schema\/logo\/image\/","url":"https:\/\/i0.wp.com\/www.radiovision.com.mx\/wp-content\/uploads\/2023\/07\/cropped-logorv_horizontal.png?fit=1039%2C336&ssl=1","contentUrl":"https:\/\/i0.wp.com\/www.radiovision.com.mx\/wp-content\/uploads\/2023\/07\/cropped-logorv_horizontal.png?fit=1039%2C336&ssl=1","width":1039,"height":336,"caption":"Grupo Radiovisi&oacute;n"},"image":{"@id":"https:\/\/www.radiovision.com.mx\/#\/schema\/logo\/image\/"}},{"@type":"Person","@id":"https:\/\/www.radiovision.com.mx\/#\/schema\/person\/32174eabd48c140544507080dc3ed887","name":"admin","image":{"@type":"ImageObject","inLanguage":"es","@id":"https:\/\/secure.gravatar.com\/avatar\/a2bbd96ba0878c75623b89b17e16a709391115d7f3111d87b9d9608e3a85e344?s=96&d=mm&r=g","url":"https:\/\/secure.gravatar.com\/avatar\/a2bbd96ba0878c75623b89b17e16a709391115d7f3111d87b9d9608e3a85e344?s=96&d=mm&r=g","contentUrl":"https:\/\/secure.gravatar.com\/avatar\/a2bbd96ba0878c75623b89b17e16a709391115d7f3111d87b9d9608e3a85e344?s=96&d=mm&r=g","caption":"admin"},"sameAs":["https:\/\/www.radiovision.com.mx"],"url":"https:\/\/www.radiovision.com.mx\/?author=1"}]}},"jetpack_publicize_connections":[],"jetpack_featured_media_url":"https:\/\/i0.wp.com\/www.radiovision.com.mx\/wp-content\/uploads\/2025\/12\/images-3.jpg?fit=309%2C163&ssl=1","jetpack_sharing_enabled":true,"_links":{"self":[{"href":"https:\/\/www.radiovision.com.mx\/index.php?rest_route=\/wp\/v2\/posts\/15185","targetHints":{"allow":["GET"]}}],"collection":[{"href":"https:\/\/www.radiovision.com.mx\/index.php?rest_route=\/wp\/v2\/posts"}],"about":[{"href":"https:\/\/www.radiovision.com.mx\/index.php?rest_route=\/wp\/v2\/types\/post"}],"author":[{"embeddable":true,"href":"https:\/\/www.radiovision.com.mx\/index.php?rest_route=\/wp\/v2\/users\/1"}],"replies":[{"embeddable":true,"href":"https:\/\/www.radiovision.com.mx\/index.php?rest_route=%2Fwp%2Fv2%2Fcomments&post=15185"}],"version-history":[{"count":2,"href":"https:\/\/www.radiovision.com.mx\/index.php?rest_route=\/wp\/v2\/posts\/15185\/revisions"}],"predecessor-version":[{"id":15188,"href":"https:\/\/www.radiovision.com.mx\/index.php?rest_route=\/wp\/v2\/posts\/15185\/revisions\/15188"}],"wp:featuredmedia":[{"embeddable":true,"href":"https:\/\/www.radiovision.com.mx\/index.php?rest_route=\/wp\/v2\/media\/15186"}],"wp:attachment":[{"href":"https:\/\/www.radiovision.com.mx\/index.php?rest_route=%2Fwp%2Fv2%2Fmedia&parent=15185"}],"wp:term":[{"taxonomy":"category","embeddable":true,"href":"https:\/\/www.radiovision.com.mx\/index.php?rest_route=%2Fwp%2Fv2%2Fcategories&post=15185"},{"taxonomy":"post_tag","embeddable":true,"href":"https:\/\/www.radiovision.com.mx\/index.php?rest_route=%2Fwp%2Fv2%2Ftags&post=15185"}],"curies":[{"name":"wp","href":"https:\/\/api.w.org\/{rel}","templated":true}]}}