{"id":11652,"date":"2025-07-18T20:11:54","date_gmt":"2025-07-18T20:11:54","guid":{"rendered":"https:\/\/www.radiovision.com.mx\/?p=11652"},"modified":"2025-07-18T20:12:21","modified_gmt":"2025-07-18T20:12:21","slug":"violencia-en-la-montana-asesinan-a-familia-en-joya-real-cochoapa-el-grande","status":"publish","type":"post","link":"https:\/\/www.radiovision.com.mx\/?p=11652","title":{"rendered":"Violencia en la Monta\u00f1a: Asesinan a familia en Joya Real, Cochoapa el Grande"},"content":{"rendered":"\n<p>Una familia originaria de Arroyo Prieto, en Cochoapa el Grande, fue asesinada la tarde de este jueves durante un ataque armado en el crucero de Joya Real, lugar donde se ubica un m\u00f3dulo de seguridad.<\/p>\n\n\n\n<p>Mario N., su esposa y su hija de 15 a\u00f1os fueron interceptados y acribillados por un grupo armado, seg\u00fan reportes oficiales y testimonios de testigos. Los tres fallecieron en el lugar.<\/p>\n\n\n\n<p>El ataque ocurri\u00f3 mientras la gobernadora Evelyn Salgado Pineda visitaba la zona, aunque no estaba cerca del incidente. La violencia en la regi\u00f3n Monta\u00f1a contin\u00faa en aumento, alertan autoridades y habitantes.<\/p>\n\n\n\n<p>No hay personas detenidas hasta el momento. Elementos de la Polic\u00eda Estatal, Guardia Nacional y Ej\u00e9rcito acordonaron la escena, y la Fiscal\u00eda General del Estado de Guerrero inici\u00f3 una investigaci\u00f3n por homicidio doloso.<\/p>\n\n\n\n<p>La comunidad de Arroyo Prieto y organizaciones ind\u00edgenas exigen justicia y garant\u00edas de seguridad para las poblaciones originarias que enfrentan constantes amenazas de grupos armados.<\/p>\n","protected":false},"excerpt":{"rendered":"<p>Una familia originaria de Arroyo Prieto, en Cochoapa el Grande, fue asesinada la tarde de este jueves durante un ataque<\/p>\n","protected":false},"author":1,"featured_media":11653,"comment_status":"closed","ping_status":"closed","sticky":false,"template":"","format":"standard","meta":{"colormag_page_container_layout":"default_layout","colormag_page_sidebar_layout":"default_layout","_eb_attr":"","_jetpack_memberships_contains_paid_content":false,"footnotes":"","jetpack_publicize_message":"","jetpack_publicize_feature_enabled":true,"jetpack_social_post_already_shared":false,"jetpack_social_options":{"image_generator_settings":{"template":"highway","enabled":false},"version":2}},"categories":[30],"tags":[],"class_list":["post-11652","post","type-post","status-publish","format-standard","has-post-thumbnail","hentry","category-local"],"yoast_head":"<!-- This site is optimized with the Yoast SEO plugin v27.4 - https:\/\/yoast.com\/product\/yoast-seo-wordpress\/ -->\n<title>Violencia en la Monta\u00f1a: Asesinan a familia en Joya Real, Cochoapa el Grande<\/title>\n<meta name=\"robots\" content=\"index, follow, max-snippet:-1, max-image-preview:large, max-video-preview:-1\" \/>\n<link rel=\"canonical\" href=\"https:\/\/www.radiovision.com.mx\/?p=11652\" \/>\n<meta property=\"og:locale\" content=\"es_ES\" \/>\n<meta property=\"og:type\" content=\"article\" \/>\n<meta property=\"og:title\" content=\"Violencia en la Monta\u00f1a: Asesinan a familia en Joya Real, Cochoapa el Grande\" \/>\n<meta property=\"og:description\" content=\"Una familia originaria de Arroyo Prieto, en Cochoapa el Grande, fue asesinada la tarde de este jueves durante un ataque\" \/>\n<meta property=\"og:url\" content=\"https:\/\/www.radiovision.com.mx\/?p=11652\" \/>\n<meta property=\"og:site_name\" content=\"Grupo Radiovisi&oacute;n\" \/>\n<meta property=\"article:published_time\" content=\"2025-07-18T20:11:54+00:00\" \/>\n<meta property=\"article:modified_time\" content=\"2025-07-18T20:12:21+00:00\" \/>\n<meta property=\"og:image\" content=\"https:\/\/www.radiovision.com.mx\/wp-content\/uploads\/2025\/07\/WhatsApp-Image-2025-07-18-at-2.09.41-PM.jpeg\" \/>\n\t<meta property=\"og:image:width\" content=\"720\" \/>\n\t<meta property=\"og:image:height\" content=\"523\" \/>\n\t<meta property=\"og:image:type\" content=\"image\/jpeg\" \/>\n<meta name=\"author\" content=\"admin\" \/>\n<meta name=\"twitter:card\" content=\"summary_large_image\" \/>\n<meta name=\"twitter:label1\" content=\"Escrito por\" \/>\n\t<meta name=\"twitter:data1\" content=\"admin\" \/>\n\t<meta name=\"twitter:label2\" content=\"Tiempo de lectura\" \/>\n\t<meta name=\"twitter:data2\" content=\"1 minuto\" \/>\n<script type=\"application\/ld+json\" class=\"yoast-schema-graph\">{\"@context\":\"https:\\\/\\\/schema.org\",\"@graph\":[{\"@type\":\"Article\",\"@id\":\"https:\\\/\\\/www.radiovision.com.mx\\\/?p=11652#article\",\"isPartOf\":{\"@id\":\"https:\\\/\\\/www.radiovision.com.mx\\\/?p=11652\"},\"author\":{\"name\":\"admin\",\"@id\":\"https:\\\/\\\/www.radiovision.com.mx\\\/#\\\/schema\\\/person\\\/32174eabd48c140544507080dc3ed887\"},\"headline\":\"Violencia en la Monta\u00f1a: Asesinan a familia en Joya Real, Cochoapa el Grande\",\"datePublished\":\"2025-07-18T20:11:54+00:00\",\"dateModified\":\"2025-07-18T20:12:21+00:00\",\"mainEntityOfPage\":{\"@id\":\"https:\\\/\\\/www.radiovision.com.mx\\\/?p=11652\"},\"wordCount\":180,\"publisher\":{\"@id\":\"https:\\\/\\\/www.radiovision.com.mx\\\/#organization\"},\"image\":{\"@id\":\"https:\\\/\\\/www.radiovision.com.mx\\\/?p=11652#primaryimage\"},\"thumbnailUrl\":\"https:\\\/\\\/i0.wp.com\\\/www.radiovision.com.mx\\\/wp-content\\\/uploads\\\/2025\\\/07\\\/WhatsApp-Image-2025-07-18-at-2.09.41-PM.jpeg?fit=720%2C523&ssl=1\",\"articleSection\":[\"LOCAL\"],\"inLanguage\":\"es\"},{\"@type\":\"WebPage\",\"@id\":\"https:\\\/\\\/www.radiovision.com.mx\\\/?p=11652\",\"url\":\"https:\\\/\\\/www.radiovision.com.mx\\\/?p=11652\",\"name\":\"Violencia en la Monta\u00f1a: Asesinan a familia en Joya Real, Cochoapa el Grande\",\"isPartOf\":{\"@id\":\"https:\\\/\\\/www.radiovision.com.mx\\\/#website\"},\"primaryImageOfPage\":{\"@id\":\"https:\\\/\\\/www.radiovision.com.mx\\\/?p=11652#primaryimage\"},\"image\":{\"@id\":\"https:\\\/\\\/www.radiovision.com.mx\\\/?p=11652#primaryimage\"},\"thumbnailUrl\":\"https:\\\/\\\/i0.wp.com\\\/www.radiovision.com.mx\\\/wp-content\\\/uploads\\\/2025\\\/07\\\/WhatsApp-Image-2025-07-18-at-2.09.41-PM.jpeg?fit=720%2C523&ssl=1\",\"datePublished\":\"2025-07-18T20:11:54+00:00\",\"dateModified\":\"2025-07-18T20:12:21+00:00\",\"breadcrumb\":{\"@id\":\"https:\\\/\\\/www.radiovision.com.mx\\\/?p=11652#breadcrumb\"},\"inLanguage\":\"es\",\"potentialAction\":[{\"@type\":\"ReadAction\",\"target\":[\"https:\\\/\\\/www.radiovision.com.mx\\\/?p=11652\"]}]},{\"@type\":\"ImageObject\",\"inLanguage\":\"es\",\"@id\":\"https:\\\/\\\/www.radiovision.com.mx\\\/?p=11652#primaryimage\",\"url\":\"https:\\\/\\\/i0.wp.com\\\/www.radiovision.com.mx\\\/wp-content\\\/uploads\\\/2025\\\/07\\\/WhatsApp-Image-2025-07-18-at-2.09.41-PM.jpeg?fit=720%2C523&ssl=1\",\"contentUrl\":\"https:\\\/\\\/i0.wp.com\\\/www.radiovision.com.mx\\\/wp-content\\\/uploads\\\/2025\\\/07\\\/WhatsApp-Image-2025-07-18-at-2.09.41-PM.jpeg?fit=720%2C523&ssl=1\",\"width\":720,\"height\":523},{\"@type\":\"BreadcrumbList\",\"@id\":\"https:\\\/\\\/www.radiovision.com.mx\\\/?p=11652#breadcrumb\",\"itemListElement\":[{\"@type\":\"ListItem\",\"position\":1,\"name\":\"Home\",\"item\":\"https:\\\/\\\/www.radiovision.com.mx\\\/\"},{\"@type\":\"ListItem\",\"position\":2,\"name\":\"Violencia en la Monta\u00f1a: Asesinan a familia en Joya Real, Cochoapa el Grande\"}]},{\"@type\":\"WebSite\",\"@id\":\"https:\\\/\\\/www.radiovision.com.mx\\\/#website\",\"url\":\"https:\\\/\\\/www.radiovision.com.mx\\\/\",\"name\":\"Grupo Radiovisi&oacute;n\",\"description\":\"Siempre Contigo\",\"publisher\":{\"@id\":\"https:\\\/\\\/www.radiovision.com.mx\\\/#organization\"},\"potentialAction\":[{\"@type\":\"SearchAction\",\"target\":{\"@type\":\"EntryPoint\",\"urlTemplate\":\"https:\\\/\\\/www.radiovision.com.mx\\\/?s={search_term_string}\"},\"query-input\":{\"@type\":\"PropertyValueSpecification\",\"valueRequired\":true,\"valueName\":\"search_term_string\"}}],\"inLanguage\":\"es\"},{\"@type\":\"Organization\",\"@id\":\"https:\\\/\\\/www.radiovision.com.mx\\\/#organization\",\"name\":\"Grupo Radiovisi&oacute;n\",\"url\":\"https:\\\/\\\/www.radiovision.com.mx\\\/\",\"logo\":{\"@type\":\"ImageObject\",\"inLanguage\":\"es\",\"@id\":\"https:\\\/\\\/www.radiovision.com.mx\\\/#\\\/schema\\\/logo\\\/image\\\/\",\"url\":\"https:\\\/\\\/i0.wp.com\\\/www.radiovision.com.mx\\\/wp-content\\\/uploads\\\/2023\\\/07\\\/cropped-logorv_horizontal.png?fit=1039%2C336&ssl=1\",\"contentUrl\":\"https:\\\/\\\/i0.wp.com\\\/www.radiovision.com.mx\\\/wp-content\\\/uploads\\\/2023\\\/07\\\/cropped-logorv_horizontal.png?fit=1039%2C336&ssl=1\",\"width\":1039,\"height\":336,\"caption\":\"Grupo Radiovisi&oacute;n\"},\"image\":{\"@id\":\"https:\\\/\\\/www.radiovision.com.mx\\\/#\\\/schema\\\/logo\\\/image\\\/\"}},{\"@type\":\"Person\",\"@id\":\"https:\\\/\\\/www.radiovision.com.mx\\\/#\\\/schema\\\/person\\\/32174eabd48c140544507080dc3ed887\",\"name\":\"admin\",\"image\":{\"@type\":\"ImageObject\",\"inLanguage\":\"es\",\"@id\":\"https:\\\/\\\/secure.gravatar.com\\\/avatar\\\/a2bbd96ba0878c75623b89b17e16a709391115d7f3111d87b9d9608e3a85e344?s=96&d=mm&r=g\",\"url\":\"https:\\\/\\\/secure.gravatar.com\\\/avatar\\\/a2bbd96ba0878c75623b89b17e16a709391115d7f3111d87b9d9608e3a85e344?s=96&d=mm&r=g\",\"contentUrl\":\"https:\\\/\\\/secure.gravatar.com\\\/avatar\\\/a2bbd96ba0878c75623b89b17e16a709391115d7f3111d87b9d9608e3a85e344?s=96&d=mm&r=g\",\"caption\":\"admin\"},\"sameAs\":[\"https:\\\/\\\/www.radiovision.com.mx\"],\"url\":\"https:\\\/\\\/www.radiovision.com.mx\\\/?author=1\"}]}<\/script>\n<!-- \/ Yoast SEO plugin. -->","yoast_head_json":{"title":"Violencia en la Monta\u00f1a: Asesinan a familia en Joya Real, Cochoapa el Grande","robots":{"index":"index","follow":"follow","max-snippet":"max-snippet:-1","max-image-preview":"max-image-preview:large","max-video-preview":"max-video-preview:-1"},"canonical":"https:\/\/www.radiovision.com.mx\/?p=11652","og_locale":"es_ES","og_type":"article","og_title":"Violencia en la Monta\u00f1a: Asesinan a familia en Joya Real, Cochoapa el Grande","og_description":"Una familia originaria de Arroyo Prieto, en Cochoapa el Grande, fue asesinada la tarde de este jueves durante un ataque","og_url":"https:\/\/www.radiovision.com.mx\/?p=11652","og_site_name":"Grupo Radiovisi&oacute;n","article_published_time":"2025-07-18T20:11:54+00:00","article_modified_time":"2025-07-18T20:12:21+00:00","og_image":[{"width":720,"height":523,"url":"https:\/\/www.radiovision.com.mx\/wp-content\/uploads\/2025\/07\/WhatsApp-Image-2025-07-18-at-2.09.41-PM.jpeg","type":"image\/jpeg"}],"author":"admin","twitter_card":"summary_large_image","twitter_misc":{"Escrito por":"admin","Tiempo de lectura":"1 minuto"},"schema":{"@context":"https:\/\/schema.org","@graph":[{"@type":"Article","@id":"https:\/\/www.radiovision.com.mx\/?p=11652#article","isPartOf":{"@id":"https:\/\/www.radiovision.com.mx\/?p=11652"},"author":{"name":"admin","@id":"https:\/\/www.radiovision.com.mx\/#\/schema\/person\/32174eabd48c140544507080dc3ed887"},"headline":"Violencia en la Monta\u00f1a: Asesinan a familia en Joya Real, Cochoapa el Grande","datePublished":"2025-07-18T20:11:54+00:00","dateModified":"2025-07-18T20:12:21+00:00","mainEntityOfPage":{"@id":"https:\/\/www.radiovision.com.mx\/?p=11652"},"wordCount":180,"publisher":{"@id":"https:\/\/www.radiovision.com.mx\/#organization"},"image":{"@id":"https:\/\/www.radiovision.com.mx\/?p=11652#primaryimage"},"thumbnailUrl":"https:\/\/i0.wp.com\/www.radiovision.com.mx\/wp-content\/uploads\/2025\/07\/WhatsApp-Image-2025-07-18-at-2.09.41-PM.jpeg?fit=720%2C523&ssl=1","articleSection":["LOCAL"],"inLanguage":"es"},{"@type":"WebPage","@id":"https:\/\/www.radiovision.com.mx\/?p=11652","url":"https:\/\/www.radiovision.com.mx\/?p=11652","name":"Violencia en la Monta\u00f1a: Asesinan a familia en Joya Real, Cochoapa el Grande","isPartOf":{"@id":"https:\/\/www.radiovision.com.mx\/#website"},"primaryImageOfPage":{"@id":"https:\/\/www.radiovision.com.mx\/?p=11652#primaryimage"},"image":{"@id":"https:\/\/www.radiovision.com.mx\/?p=11652#primaryimage"},"thumbnailUrl":"https:\/\/i0.wp.com\/www.radiovision.com.mx\/wp-content\/uploads\/2025\/07\/WhatsApp-Image-2025-07-18-at-2.09.41-PM.jpeg?fit=720%2C523&ssl=1","datePublished":"2025-07-18T20:11:54+00:00","dateModified":"2025-07-18T20:12:21+00:00","breadcrumb":{"@id":"https:\/\/www.radiovision.com.mx\/?p=11652#breadcrumb"},"inLanguage":"es","potentialAction":[{"@type":"ReadAction","target":["https:\/\/www.radiovision.com.mx\/?p=11652"]}]},{"@type":"ImageObject","inLanguage":"es","@id":"https:\/\/www.radiovision.com.mx\/?p=11652#primaryimage","url":"https:\/\/i0.wp.com\/www.radiovision.com.mx\/wp-content\/uploads\/2025\/07\/WhatsApp-Image-2025-07-18-at-2.09.41-PM.jpeg?fit=720%2C523&ssl=1","contentUrl":"https:\/\/i0.wp.com\/www.radiovision.com.mx\/wp-content\/uploads\/2025\/07\/WhatsApp-Image-2025-07-18-at-2.09.41-PM.jpeg?fit=720%2C523&ssl=1","width":720,"height":523},{"@type":"BreadcrumbList","@id":"https:\/\/www.radiovision.com.mx\/?p=11652#breadcrumb","itemListElement":[{"@type":"ListItem","position":1,"name":"Home","item":"https:\/\/www.radiovision.com.mx\/"},{"@type":"ListItem","position":2,"name":"Violencia en la Monta\u00f1a: Asesinan a familia en Joya Real, Cochoapa el Grande"}]},{"@type":"WebSite","@id":"https:\/\/www.radiovision.com.mx\/#website","url":"https:\/\/www.radiovision.com.mx\/","name":"Grupo Radiovisi&oacute;n","description":"Siempre Contigo","publisher":{"@id":"https:\/\/www.radiovision.com.mx\/#organization"},"potentialAction":[{"@type":"SearchAction","target":{"@type":"EntryPoint","urlTemplate":"https:\/\/www.radiovision.com.mx\/?s={search_term_string}"},"query-input":{"@type":"PropertyValueSpecification","valueRequired":true,"valueName":"search_term_string"}}],"inLanguage":"es"},{"@type":"Organization","@id":"https:\/\/www.radiovision.com.mx\/#organization","name":"Grupo Radiovisi&oacute;n","url":"https:\/\/www.radiovision.com.mx\/","logo":{"@type":"ImageObject","inLanguage":"es","@id":"https:\/\/www.radiovision.com.mx\/#\/schema\/logo\/image\/","url":"https:\/\/i0.wp.com\/www.radiovision.com.mx\/wp-content\/uploads\/2023\/07\/cropped-logorv_horizontal.png?fit=1039%2C336&ssl=1","contentUrl":"https:\/\/i0.wp.com\/www.radiovision.com.mx\/wp-content\/uploads\/2023\/07\/cropped-logorv_horizontal.png?fit=1039%2C336&ssl=1","width":1039,"height":336,"caption":"Grupo Radiovisi&oacute;n"},"image":{"@id":"https:\/\/www.radiovision.com.mx\/#\/schema\/logo\/image\/"}},{"@type":"Person","@id":"https:\/\/www.radiovision.com.mx\/#\/schema\/person\/32174eabd48c140544507080dc3ed887","name":"admin","image":{"@type":"ImageObject","inLanguage":"es","@id":"https:\/\/secure.gravatar.com\/avatar\/a2bbd96ba0878c75623b89b17e16a709391115d7f3111d87b9d9608e3a85e344?s=96&d=mm&r=g","url":"https:\/\/secure.gravatar.com\/avatar\/a2bbd96ba0878c75623b89b17e16a709391115d7f3111d87b9d9608e3a85e344?s=96&d=mm&r=g","contentUrl":"https:\/\/secure.gravatar.com\/avatar\/a2bbd96ba0878c75623b89b17e16a709391115d7f3111d87b9d9608e3a85e344?s=96&d=mm&r=g","caption":"admin"},"sameAs":["https:\/\/www.radiovision.com.mx"],"url":"https:\/\/www.radiovision.com.mx\/?author=1"}]}},"jetpack_publicize_connections":[],"jetpack_featured_media_url":"https:\/\/i0.wp.com\/www.radiovision.com.mx\/wp-content\/uploads\/2025\/07\/WhatsApp-Image-2025-07-18-at-2.09.41-PM.jpeg?fit=720%2C523&ssl=1","jetpack_sharing_enabled":true,"_links":{"self":[{"href":"https:\/\/www.radiovision.com.mx\/index.php?rest_route=\/wp\/v2\/posts\/11652","targetHints":{"allow":["GET"]}}],"collection":[{"href":"https:\/\/www.radiovision.com.mx\/index.php?rest_route=\/wp\/v2\/posts"}],"about":[{"href":"https:\/\/www.radiovision.com.mx\/index.php?rest_route=\/wp\/v2\/types\/post"}],"author":[{"embeddable":true,"href":"https:\/\/www.radiovision.com.mx\/index.php?rest_route=\/wp\/v2\/users\/1"}],"replies":[{"embeddable":true,"href":"https:\/\/www.radiovision.com.mx\/index.php?rest_route=%2Fwp%2Fv2%2Fcomments&post=11652"}],"version-history":[{"count":2,"href":"https:\/\/www.radiovision.com.mx\/index.php?rest_route=\/wp\/v2\/posts\/11652\/revisions"}],"predecessor-version":[{"id":11655,"href":"https:\/\/www.radiovision.com.mx\/index.php?rest_route=\/wp\/v2\/posts\/11652\/revisions\/11655"}],"wp:featuredmedia":[{"embeddable":true,"href":"https:\/\/www.radiovision.com.mx\/index.php?rest_route=\/wp\/v2\/media\/11653"}],"wp:attachment":[{"href":"https:\/\/www.radiovision.com.mx\/index.php?rest_route=%2Fwp%2Fv2%2Fmedia&parent=11652"}],"wp:term":[{"taxonomy":"category","embeddable":true,"href":"https:\/\/www.radiovision.com.mx\/index.php?rest_route=%2Fwp%2Fv2%2Fcategories&post=11652"},{"taxonomy":"post_tag","embeddable":true,"href":"https:\/\/www.radiovision.com.mx\/index.php?rest_route=%2Fwp%2Fv2%2Ftags&post=11652"}],"curies":[{"name":"wp","href":"https:\/\/api.w.org\/{rel}","templated":true}]}}